{"id":2278,"count":5,"description":"Notre cat\u00e9gorie <strong>CARGO<\/strong> offre une solution pour conjuguer les besoins familiaux et les exigences logistiques du transport. Ces v\u00e9los, dot\u00e9s d\u2019une structure cargo allong\u00e9e \u00e0 l\u2019arri\u00e8re, sont con\u00e7us pour faciliter le transport des membres de la famille ainsi que des charges volumineuses. Avec une capacit\u00e9 de chargement g\u00e9n\u00e9reuse et une conception ax\u00e9e sur la polyvalence, nos v\u00e9los cargo red\u00e9finissent la mobilit\u00e9 quotidienne en offrant une solution pratique, \u00e9cologique et adapt\u00e9e \u00e0 toutes les situations familiales et logistiques.","link":"https:\/\/www.o2feel.com\/fr-be\/categorie-produit\/velos-cargo-electriques\/","name":"V\u00e9los \u00e9lectriques Cargo","slug":"velos-cargo-electriques","taxonomy":"product_cat","parent":0,"meta":[],"menu_order":6,"_links":{"self":[{"href":"https:\/\/www.o2feel.com\/fr-be\/wp-json\/wp\/v2\/product_cat\/2278","targetHints":{"allow":["GET"]}}],"collection":[{"href":"https:\/\/www.o2feel.com\/fr-be\/wp-json\/wp\/v2\/product_cat"}],"about":[{"href":"https:\/\/www.o2feel.com\/fr-be\/wp-json\/wp\/v2\/taxonomies\/product_cat"}],"wp:post_type":[{"href":"https:\/\/www.o2feel.com\/fr-be\/wp-json\/wp\/v2\/product?product_cat=2278"}],"curies":[{"name":"wp","href":"https:\/\/api.w.org\/{rel}","templated":true}]}}